{"id":5255,"date":"2026-04-07T15:33:02","date_gmt":"2026-04-07T13:33:02","guid":{"rendered":"https:\/\/www.timevat.com\/?p=5255"},"modified":"2026-04-07T15:33:02","modified_gmt":"2026-04-07T13:33:02","slug":"polen-udvider-sent-reglerne-nye-krav-for-e-commerce-og-retail-fra-marts-2026","status":"publish","type":"post","link":"https:\/\/www.timevat.com\/en\/polen-udvider-sent-reglerne-nye-krav-for-e-commerce-og-retail-fra-marts-2026\/","title":{"rendered":"Polen udvider SENT-reglerne \u2013 nye krav for e-commerce og retail fra marts 2026"},"content":{"rendered":"<p>Fra den 17. marts 2026 har de polske myndigheder udvidet SENT system til ogs\u00e5 at omfatte udvalgte varegrupper inden for bekl\u00e6dning og fodt\u00f8j \u2013 med s\u00e6rlig relevans for e-commerce og retail-virksomheder<\/p>\n\n\n\n<p>Udvidelsen betyder, at transporter af f\u00f8lgende varer nu kan blive omfattet af overv\u00e5gningskrav:<\/p>\n\n\n\n<ul class=\"wp-block-list\">\n<li>T\u00f8j (CN 61 og 62) over 10 kg<\/li>\n\n\n\n<li>Brugt t\u00f8j (CN 6309) over 10 kg<\/li>\n\n\n\n<li>Fodt\u00f8j (CN 64) over 20 stk.<\/li>\n<\/ul>\n\n\n\n<p>Dette er s\u00e6rligt relevant for virksomheder inden for e-commerce og retail, hvor distribution af t\u00f8j og sko ofte sker via centrale lagre og gr\u00e6nseoverskridende flows.<\/p>\n\n\n\n<p><strong>SENT<\/strong><br>SENT system er et polsk kontrolsystem, der overv\u00e5ger transport af udvalgte varetyper p\u00e5 vej og jernbane. Systemet indeb\u00e6rer krav om forh\u00e5ndsanmeldelse af transporter samt l\u00f8bende sporing, med det form\u00e5l at sikre korrekt h\u00e5ndtering af varer og modvirke svig. Forpligtelserne kan p\u00e5hvile b\u00e5de afsender, modtager og transport\u00f8r afh\u00e6ngigt af transaktionens struktur.<\/p>\n\n\n\n<p><strong>Hvem er omfattet?<br><\/strong>Reglerne retter sig mod virksomheder med aktivitet i Polen \u2013 typisk via lokal etablering eller momsregistrering \u2013 som transporterer varer til, fra eller gennem Polen.<\/p>\n\n\n\n<p><strong>Hvad betyder det i praksis?<\/strong><\/p>\n\n\n\n<ul class=\"wp-block-list\">\n<li>Transporter kan blive underlagt krav om forh\u00e5ndsanmeldelse og tracking<\/li>\n\n\n\n<li>Operativ h\u00e5ndtering sker typisk via spedit\u00f8r eller toldagent<\/li>\n\n\n\n<li>Virksomheden skal v\u00e6re registreret i PUESC for at kunne h\u00e5ndtere forpligtelserne<\/li>\n<\/ul>\n\n\n\n<p><strong>PUESC<\/strong><br>PUESC er de polske myndigheders digitale platform for h\u00e5ndtering af told- og transportrelaterede forpligtelser, herunder SENT. Virksomheder, der er omfattet af reglerne, skal v\u00e6re registreret p\u00e5 platformen og have etableret de n\u00f8dvendige adgangsrettigheder for at kunne indberette eller h\u00e5ndtere transportdata.<\/p>\n\n\n\n<p><strong>Ingen \u00e6ndringer i moms<\/strong><br>Udvidelsen p\u00e5virker ikke momsrapporteringen, men er en ren transport- og complianceforpligtelse.<\/p>\n\n\n\n<p><strong>S\u00e6rligt for fashion-virksomheder p\u00e5 markedspladser<\/strong><br>Virksomheder, der s\u00e6lger bekl\u00e6dning og fodt\u00f8j via markedspladser som Amazon eller Allegro, b\u00f8r v\u00e6re s\u00e6rligt opm\u00e6rksomme p\u00e5 de nye regler. Ved brug af lagre i Polen \u2013 herunder via platformenes egne fulfilment-l\u00f8sninger \u2013 kan varebev\u00e6gelser blive omfattet af SENT system, ogs\u00e5 n\u00e5r der er tale om interne lagerflytninger mellem EU-lande.<\/p>\n\n\n\n<p>I praksis ser vi ofte, at ansvaret for transportanmeldelser ikke er klart placeret mellem virksomhed, platform og logistikpartner. Dette skaber en reel compliance-risiko, da manglende eller forkert anmeldelse kan medf\u00f8re sanktioner.<\/p>\n\n\n\n<p><strong>TIMEVAT bem\u00e6rkning<\/strong><br>For e-commerce- og retailvirksomheder med lager- eller distributionssetup i Polen medf\u00f8rer \u00e6ndringerne et \u00f8get behov for klarhed om, hvorvidt de nye SENT-krav finder anvendelse, samt hvordan h\u00e5ndteringen af transportforpligtelser er organiseret mellem virksomhed og logistikpartnere.<\/p>\n\n\n\n<p><\/p>","protected":false},"excerpt":{"rendered":"<p>Fra den 17. marts 2026 har de polske myndigheder udvidet SENT system til ogs\u00e5 at omfatte udvalgte varegrupper inden for&#8230;<\/p>","protected":false},"author":2,"featured_media":2975,"comment_status":"closed","ping_status":"closed","sticky":false,"template":"","format":"standard","meta":{"inline_featured_image":false,"_kad_blocks_custom_css":"","_kad_blocks_head_custom_js":"","_kad_blocks_body_custom_js":"","_kad_blocks_footer_custom_js":"","_kad_post_transparent":"","_kad_post_title":"","_kad_post_layout":"","_kad_post_sidebar_id":"","_kad_post_content_style":"","_kad_post_vertical_padding":"","_kad_post_feature":"","_kad_post_feature_position":"","_kad_post_header":false,"_kad_post_footer":false,"_kad_post_classname":"","footnotes":""},"categories":[22,4],"tags":[],"class_list":["post-5255","post","type-post","status-publish","format-standard","has-post-thumbnail","hentry","category-news","category-nyheder"],"yoast_head":"<!-- This site is optimized with the Yoast SEO plugin v27.1.1 - https:\/\/yoast.com\/product\/yoast-seo-wordpress\/ -->\n<title>Polen udvider SENT-reglerne \u2013 nye krav for e-commerce og retail fra marts 2026 - TIMEVAT<\/title>\n<meta name=\"description\" content=\"Bliv klogere p\u00e5 Polen udvider SENT-reglerne \u2013 nye krav for e-commerce og retail fra marts 2026\" \/>\n<meta name=\"robots\" content=\"index, follow, max-snippet:-1, max-image-preview:large, max-video-preview:-1\" \/>\n<link rel=\"canonical\" href=\"https:\/\/www.timevat.com\/en\/polen-udvider-sent-reglerne-nye-krav-for-e-commerce-og-retail-fra-marts-2026\/\" \/>\n<meta property=\"og:locale\" content=\"en_GB\" \/>\n<meta property=\"og:type\" content=\"article\" \/>\n<meta property=\"og:title\" content=\"Polen udvider SENT-reglerne \u2013 nye krav for e-commerce og retail fra marts 2026 - TIMEVAT\" \/>\n<meta property=\"og:description\" content=\"Bliv klogere p\u00e5 Polen udvider SENT-reglerne \u2013 nye krav for e-commerce og retail fra marts 2026\" \/>\n<meta property=\"og:url\" content=\"https:\/\/www.timevat.com\/en\/polen-udvider-sent-reglerne-nye-krav-for-e-commerce-og-retail-fra-marts-2026\/\" \/>\n<meta property=\"og:site_name\" content=\"TIMEVAT\" \/>\n<meta property=\"article:published_time\" content=\"2026-04-07T13:33:02+00:00\" \/>\n<meta property=\"og:image\" content=\"https:\/\/www.timevat.com\/wp-content\/uploads\/spriner-2-scaled.jpg\" \/>\n\t<meta property=\"og:image:width\" content=\"2560\" \/>\n\t<meta property=\"og:image:height\" content=\"1707\" \/>\n\t<meta property=\"og:image:type\" content=\"image\/jpeg\" \/>\n<meta name=\"author\" content=\"Timevatadmin\" \/>\n<meta name=\"twitter:card\" content=\"summary_large_image\" \/>\n<meta name=\"twitter:label1\" content=\"Written by\" \/>\n\t<meta name=\"twitter:data1\" content=\"Timevatadmin\" \/>\n\t<meta name=\"twitter:label2\" content=\"Estimated reading time\" \/>\n\t<meta name=\"twitter:data2\" content=\"3 minutes\" \/>\n<script type=\"application\/ld+json\" class=\"yoast-schema-graph\">{\"@context\":\"https:\/\/schema.org\",\"@graph\":[{\"@type\":\"Article\",\"@id\":\"https:\/\/www.timevat.com\/polen-udvider-sent-reglerne-nye-krav-for-e-commerce-og-retail-fra-marts-2026\/#article\",\"isPartOf\":{\"@id\":\"https:\/\/www.timevat.com\/polen-udvider-sent-reglerne-nye-krav-for-e-commerce-og-retail-fra-marts-2026\/\"},\"author\":{\"name\":\"Timevatadmin\",\"@id\":\"https:\/\/www.timevat.com\/#\/schema\/person\/2513d6bc80e27cb938c37af3ac9dd1f2\"},\"headline\":\"Polen udvider SENT-reglerne \u2013 nye krav for e-commerce og retail fra marts 2026\",\"datePublished\":\"2026-04-07T13:33:02+00:00\",\"mainEntityOfPage\":{\"@id\":\"https:\/\/www.timevat.com\/polen-udvider-sent-reglerne-nye-krav-for-e-commerce-og-retail-fra-marts-2026\/\"},\"wordCount\":424,\"publisher\":{\"@id\":\"https:\/\/www.timevat.com\/#organization\"},\"image\":{\"@id\":\"https:\/\/www.timevat.com\/polen-udvider-sent-reglerne-nye-krav-for-e-commerce-og-retail-fra-marts-2026\/#primaryimage\"},\"thumbnailUrl\":\"https:\/\/www.timevat.com\/wp-content\/uploads\/spriner-2-scaled.jpg\",\"articleSection\":[\"News\",\"Nyheder\"],\"inLanguage\":\"en-GB\"},{\"@type\":\"WebPage\",\"@id\":\"https:\/\/www.timevat.com\/polen-udvider-sent-reglerne-nye-krav-for-e-commerce-og-retail-fra-marts-2026\/\",\"url\":\"https:\/\/www.timevat.com\/polen-udvider-sent-reglerne-nye-krav-for-e-commerce-og-retail-fra-marts-2026\/\",\"name\":\"Polen udvider SENT-reglerne \u2013 nye krav for e-commerce og retail fra marts 2026 - TIMEVAT\",\"isPartOf\":{\"@id\":\"https:\/\/www.timevat.com\/#website\"},\"primaryImageOfPage\":{\"@id\":\"https:\/\/www.timevat.com\/polen-udvider-sent-reglerne-nye-krav-for-e-commerce-og-retail-fra-marts-2026\/#primaryimage\"},\"image\":{\"@id\":\"https:\/\/www.timevat.com\/polen-udvider-sent-reglerne-nye-krav-for-e-commerce-og-retail-fra-marts-2026\/#primaryimage\"},\"thumbnailUrl\":\"https:\/\/www.timevat.com\/wp-content\/uploads\/spriner-2-scaled.jpg\",\"datePublished\":\"2026-04-07T13:33:02+00:00\",\"description\":\"Bliv klogere p\u00e5 Polen udvider SENT-reglerne \u2013 nye krav for e-commerce og retail fra marts 2026\",\"breadcrumb\":{\"@id\":\"https:\/\/www.timevat.com\/polen-udvider-sent-reglerne-nye-krav-for-e-commerce-og-retail-fra-marts-2026\/#breadcrumb\"},\"inLanguage\":\"en-GB\",\"potentialAction\":[{\"@type\":\"ReadAction\",\"target\":[\"https:\/\/www.timevat.com\/polen-udvider-sent-reglerne-nye-krav-for-e-commerce-og-retail-fra-marts-2026\/\"]}]},{\"@type\":\"ImageObject\",\"inLanguage\":\"en-GB\",\"@id\":\"https:\/\/www.timevat.com\/polen-udvider-sent-reglerne-nye-krav-for-e-commerce-og-retail-fra-marts-2026\/#primaryimage\",\"url\":\"https:\/\/www.timevat.com\/wp-content\/uploads\/spriner-2-scaled.jpg\",\"contentUrl\":\"https:\/\/www.timevat.com\/wp-content\/uploads\/spriner-2-scaled.jpg\",\"width\":2560,\"height\":1707},{\"@type\":\"BreadcrumbList\",\"@id\":\"https:\/\/www.timevat.com\/polen-udvider-sent-reglerne-nye-krav-for-e-commerce-og-retail-fra-marts-2026\/#breadcrumb\",\"itemListElement\":[{\"@type\":\"ListItem\",\"position\":1,\"name\":\"Hjem\",\"item\":\"https:\/\/www.timevat.com\/\"},{\"@type\":\"ListItem\",\"position\":2,\"name\":\"Polen udvider SENT-reglerne \u2013 nye krav for e-commerce og retail fra marts 2026\"}]},{\"@type\":\"WebSite\",\"@id\":\"https:\/\/www.timevat.com\/#website\",\"url\":\"https:\/\/www.timevat.com\/\",\"name\":\"TIMEVAT\",\"description\":\"\",\"publisher\":{\"@id\":\"https:\/\/www.timevat.com\/#organization\"},\"potentialAction\":[{\"@type\":\"SearchAction\",\"target\":{\"@type\":\"EntryPoint\",\"urlTemplate\":\"https:\/\/www.timevat.com\/?s={search_term_string}\"},\"query-input\":{\"@type\":\"PropertyValueSpecification\",\"valueRequired\":true,\"valueName\":\"search_term_string\"}}],\"inLanguage\":\"en-GB\"},{\"@type\":\"Organization\",\"@id\":\"https:\/\/www.timevat.com\/#organization\",\"name\":\"TIMEVAT A\/S\",\"url\":\"https:\/\/www.timevat.com\/\",\"logo\":{\"@type\":\"ImageObject\",\"inLanguage\":\"en-GB\",\"@id\":\"https:\/\/www.timevat.com\/#\/schema\/logo\/image\/\",\"url\":\"https:\/\/www.timevat.com\/wp-content\/uploads\/TimevatFINALfarveLILLE1.png\",\"contentUrl\":\"https:\/\/www.timevat.com\/wp-content\/uploads\/TimevatFINALfarveLILLE1.png\",\"width\":308,\"height\":60,\"caption\":\"TIMEVAT A\/S\"},\"image\":{\"@id\":\"https:\/\/www.timevat.com\/#\/schema\/logo\/image\/\"},\"sameAs\":[\"https:\/\/www.linkedin.com\/company\/timevat-a-s\/about\/\"]},{\"@type\":\"Person\",\"@id\":\"https:\/\/www.timevat.com\/#\/schema\/person\/2513d6bc80e27cb938c37af3ac9dd1f2\",\"name\":\"Timevatadmin\",\"image\":{\"@type\":\"ImageObject\",\"inLanguage\":\"en-GB\",\"@id\":\"https:\/\/www.timevat.com\/#\/schema\/person\/image\/\",\"url\":\"https:\/\/secure.gravatar.com\/avatar\/1c00a3a5a333d436367dcbf1c084e54074947292678a8c89c0fad8b1da3bf3c1?s=96&d=mm&r=g\",\"contentUrl\":\"https:\/\/secure.gravatar.com\/avatar\/1c00a3a5a333d436367dcbf1c084e54074947292678a8c89c0fad8b1da3bf3c1?s=96&d=mm&r=g\",\"caption\":\"Timevatadmin\"},\"url\":\"https:\/\/www.timevat.com\/en\/author\/timevatadmin\/\"}]}<\/script>\n<!-- \/ Yoast SEO plugin. -->","yoast_head_json":{"title":"Polen udvider SENT-reglerne \u2013 nye krav for e-commerce og retail fra marts 2026 - TIMEVAT","description":"Bliv klogere p\u00e5 Polen udvider SENT-reglerne \u2013 nye krav for e-commerce og retail fra marts 2026","robots":{"index":"index","follow":"follow","max-snippet":"max-snippet:-1","max-image-preview":"max-image-preview:large","max-video-preview":"max-video-preview:-1"},"canonical":"https:\/\/www.timevat.com\/en\/polen-udvider-sent-reglerne-nye-krav-for-e-commerce-og-retail-fra-marts-2026\/","og_locale":"en_GB","og_type":"article","og_title":"Polen udvider SENT-reglerne \u2013 nye krav for e-commerce og retail fra marts 2026 - TIMEVAT","og_description":"Bliv klogere p\u00e5 Polen udvider SENT-reglerne \u2013 nye krav for e-commerce og retail fra marts 2026","og_url":"https:\/\/www.timevat.com\/en\/polen-udvider-sent-reglerne-nye-krav-for-e-commerce-og-retail-fra-marts-2026\/","og_site_name":"TIMEVAT","article_published_time":"2026-04-07T13:33:02+00:00","og_image":[{"width":2560,"height":1707,"url":"https:\/\/www.timevat.com\/wp-content\/uploads\/spriner-2-scaled.jpg","type":"image\/jpeg"}],"author":"Timevatadmin","twitter_card":"summary_large_image","twitter_misc":{"Written by":"Timevatadmin","Estimated reading time":"3 minutes"},"schema":{"@context":"https:\/\/schema.org","@graph":[{"@type":"Article","@id":"https:\/\/www.timevat.com\/polen-udvider-sent-reglerne-nye-krav-for-e-commerce-og-retail-fra-marts-2026\/#article","isPartOf":{"@id":"https:\/\/www.timevat.com\/polen-udvider-sent-reglerne-nye-krav-for-e-commerce-og-retail-fra-marts-2026\/"},"author":{"name":"Timevatadmin","@id":"https:\/\/www.timevat.com\/#\/schema\/person\/2513d6bc80e27cb938c37af3ac9dd1f2"},"headline":"Polen udvider SENT-reglerne \u2013 nye krav for e-commerce og retail fra marts 2026","datePublished":"2026-04-07T13:33:02+00:00","mainEntityOfPage":{"@id":"https:\/\/www.timevat.com\/polen-udvider-sent-reglerne-nye-krav-for-e-commerce-og-retail-fra-marts-2026\/"},"wordCount":424,"publisher":{"@id":"https:\/\/www.timevat.com\/#organization"},"image":{"@id":"https:\/\/www.timevat.com\/polen-udvider-sent-reglerne-nye-krav-for-e-commerce-og-retail-fra-marts-2026\/#primaryimage"},"thumbnailUrl":"https:\/\/www.timevat.com\/wp-content\/uploads\/spriner-2-scaled.jpg","articleSection":["News","Nyheder"],"inLanguage":"en-GB"},{"@type":"WebPage","@id":"https:\/\/www.timevat.com\/polen-udvider-sent-reglerne-nye-krav-for-e-commerce-og-retail-fra-marts-2026\/","url":"https:\/\/www.timevat.com\/polen-udvider-sent-reglerne-nye-krav-for-e-commerce-og-retail-fra-marts-2026\/","name":"Polen udvider SENT-reglerne \u2013 nye krav for e-commerce og retail fra marts 2026 - TIMEVAT","isPartOf":{"@id":"https:\/\/www.timevat.com\/#website"},"primaryImageOfPage":{"@id":"https:\/\/www.timevat.com\/polen-udvider-sent-reglerne-nye-krav-for-e-commerce-og-retail-fra-marts-2026\/#primaryimage"},"image":{"@id":"https:\/\/www.timevat.com\/polen-udvider-sent-reglerne-nye-krav-for-e-commerce-og-retail-fra-marts-2026\/#primaryimage"},"thumbnailUrl":"https:\/\/www.timevat.com\/wp-content\/uploads\/spriner-2-scaled.jpg","datePublished":"2026-04-07T13:33:02+00:00","description":"Bliv klogere p\u00e5 Polen udvider SENT-reglerne \u2013 nye krav for e-commerce og retail fra marts 2026","breadcrumb":{"@id":"https:\/\/www.timevat.com\/polen-udvider-sent-reglerne-nye-krav-for-e-commerce-og-retail-fra-marts-2026\/#breadcrumb"},"inLanguage":"en-GB","potentialAction":[{"@type":"ReadAction","target":["https:\/\/www.timevat.com\/polen-udvider-sent-reglerne-nye-krav-for-e-commerce-og-retail-fra-marts-2026\/"]}]},{"@type":"ImageObject","inLanguage":"en-GB","@id":"https:\/\/www.timevat.com\/polen-udvider-sent-reglerne-nye-krav-for-e-commerce-og-retail-fra-marts-2026\/#primaryimage","url":"https:\/\/www.timevat.com\/wp-content\/uploads\/spriner-2-scaled.jpg","contentUrl":"https:\/\/www.timevat.com\/wp-content\/uploads\/spriner-2-scaled.jpg","width":2560,"height":1707},{"@type":"BreadcrumbList","@id":"https:\/\/www.timevat.com\/polen-udvider-sent-reglerne-nye-krav-for-e-commerce-og-retail-fra-marts-2026\/#breadcrumb","itemListElement":[{"@type":"ListItem","position":1,"name":"Hjem","item":"https:\/\/www.timevat.com\/"},{"@type":"ListItem","position":2,"name":"Polen udvider SENT-reglerne \u2013 nye krav for e-commerce og retail fra marts 2026"}]},{"@type":"WebSite","@id":"https:\/\/www.timevat.com\/#website","url":"https:\/\/www.timevat.com\/","name":"TIMEVAT","description":"","publisher":{"@id":"https:\/\/www.timevat.com\/#organization"},"potentialAction":[{"@type":"SearchAction","target":{"@type":"EntryPoint","urlTemplate":"https:\/\/www.timevat.com\/?s={search_term_string}"},"query-input":{"@type":"PropertyValueSpecification","valueRequired":true,"valueName":"search_term_string"}}],"inLanguage":"en-GB"},{"@type":"Organization","@id":"https:\/\/www.timevat.com\/#organization","name":"TIMEVAT A\/S","url":"https:\/\/www.timevat.com\/","logo":{"@type":"ImageObject","inLanguage":"en-GB","@id":"https:\/\/www.timevat.com\/#\/schema\/logo\/image\/","url":"https:\/\/www.timevat.com\/wp-content\/uploads\/TimevatFINALfarveLILLE1.png","contentUrl":"https:\/\/www.timevat.com\/wp-content\/uploads\/TimevatFINALfarveLILLE1.png","width":308,"height":60,"caption":"TIMEVAT A\/S"},"image":{"@id":"https:\/\/www.timevat.com\/#\/schema\/logo\/image\/"},"sameAs":["https:\/\/www.linkedin.com\/company\/timevat-a-s\/about\/"]},{"@type":"Person","@id":"https:\/\/www.timevat.com\/#\/schema\/person\/2513d6bc80e27cb938c37af3ac9dd1f2","name":"Timevatadmin","image":{"@type":"ImageObject","inLanguage":"en-GB","@id":"https:\/\/www.timevat.com\/#\/schema\/person\/image\/","url":"https:\/\/secure.gravatar.com\/avatar\/1c00a3a5a333d436367dcbf1c084e54074947292678a8c89c0fad8b1da3bf3c1?s=96&d=mm&r=g","contentUrl":"https:\/\/secure.gravatar.com\/avatar\/1c00a3a5a333d436367dcbf1c084e54074947292678a8c89c0fad8b1da3bf3c1?s=96&d=mm&r=g","caption":"Timevatadmin"},"url":"https:\/\/www.timevat.com\/en\/author\/timevatadmin\/"}]}},"taxonomy_info":{"category":[{"value":22,"label":"News"},{"value":4,"label":"Nyheder"}]},"featured_image_src_large":["https:\/\/www.timevat.com\/wp-content\/uploads\/spriner-2-1024x683.jpg",1024,683,true],"author_info":{"display_name":"Timevatadmin","author_link":"https:\/\/www.timevat.com\/en\/author\/timevatadmin\/"},"comment_info":0,"category_info":[{"term_id":22,"name":"News","slug":"news","term_group":0,"term_taxonomy_id":22,"taxonomy":"category","description":"","parent":0,"count":53,"filter":"raw","cat_ID":22,"category_count":53,"category_description":"","cat_name":"News","category_nicename":"news","category_parent":0},{"term_id":4,"name":"Nyheder","slug":"nyheder","term_group":0,"term_taxonomy_id":4,"taxonomy":"category","description":"","parent":0,"count":72,"filter":"raw","cat_ID":4,"category_count":72,"category_description":"","cat_name":"Nyheder","category_nicename":"nyheder","category_parent":0}],"tag_info":false,"_links":{"self":[{"href":"https:\/\/www.timevat.com\/en\/wp-json\/wp\/v2\/posts\/5255","targetHints":{"allow":["GET"]}}],"collection":[{"href":"https:\/\/www.timevat.com\/en\/wp-json\/wp\/v2\/posts"}],"about":[{"href":"https:\/\/www.timevat.com\/en\/wp-json\/wp\/v2\/types\/post"}],"author":[{"embeddable":true,"href":"https:\/\/www.timevat.com\/en\/wp-json\/wp\/v2\/users\/2"}],"replies":[{"embeddable":true,"href":"https:\/\/www.timevat.com\/en\/wp-json\/wp\/v2\/comments?post=5255"}],"version-history":[{"count":2,"href":"https:\/\/www.timevat.com\/en\/wp-json\/wp\/v2\/posts\/5255\/revisions"}],"predecessor-version":[{"id":5257,"href":"https:\/\/www.timevat.com\/en\/wp-json\/wp\/v2\/posts\/5255\/revisions\/5257"}],"wp:featuredmedia":[{"embeddable":true,"href":"https:\/\/www.timevat.com\/en\/wp-json\/wp\/v2\/media\/2975"}],"wp:attachment":[{"href":"https:\/\/www.timevat.com\/en\/wp-json\/wp\/v2\/media?parent=5255"}],"wp:term":[{"taxonomy":"category","embeddable":true,"href":"https:\/\/www.timevat.com\/en\/wp-json\/wp\/v2\/categories?post=5255"},{"taxonomy":"post_tag","embeddable":true,"href":"https:\/\/www.timevat.com\/en\/wp-json\/wp\/v2\/tags?post=5255"}],"curies":[{"name":"wp","href":"https:\/\/api.w.org\/{rel}","templated":true}]}}